{"id":3594,"date":"2020-12-17T05:31:48","date_gmt":"2020-12-17T04:31:48","guid":{"rendered":"https:\/\/caup.umh.es\/?p=3594"},"modified":"2020-12-17T05:36:19","modified_gmt":"2020-12-17T04:36:19","slug":"seminario-online-para-reflexionar-sobre-migracion-y-periodismo-en-conmemoracion-del-dia-internacional-de-las-personas-migrantes","status":"publish","type":"post","link":"https:\/\/caup.umh.es\/ca\/2020\/12\/17\/seminario-online-para-reflexionar-sobre-migracion-y-periodismo-en-conmemoracion-del-dia-internacional-de-las-personas-migrantes\/","title":{"rendered":"<span lang=\"es\">(Espa\u00f1ol) Seminario online para reflexionar sobre Migraci\u00f3n y Periodismo en conmemoraci\u00f3n del D\u00eda Internacional de las Personas Migrantes<\/span>"},"content":{"rendered":"<p class=\"qtranxs-available-languages-message qtranxs-available-languages-message-ca\">Ho sentim, aquesta entrada es troba disponible \u00fanicament en <a href=\"https:\/\/caup.umh.es\/es\/wp-json\/wp\/v2\/posts\/3594\" class=\"qtranxs-available-language-link qtranxs-available-language-link-es\" title=\"Espa\u00f1ol\">Espanyol Europeu<\/a>.<\/p>","protected":false},"excerpt":{"rendered":"<p>Ho sentim, aquesta entrada es troba disponible \u00fanicament en Espanyol Europeu.<\/p>\n","protected":false},"author":1724,"featured_media":0,"comment_status":"closed","ping_status":"open","sticky":false,"template":"","format":"standard","meta":{"_links_to":"","_links_to_target":""},"categories":[65,766,992],"tags":[],"_links":{"self":[{"href":"https:\/\/caup.umh.es\/ca\/wp-json\/wp\/v2\/posts\/3594"}],"collection":[{"href":"https:\/\/caup.umh.es\/ca\/wp-json\/wp\/v2\/posts"}],"about":[{"href":"https:\/\/caup.umh.es\/ca\/wp-json\/wp\/v2\/types\/post"}],"author":[{"embeddable":true,"href":"https:\/\/caup.umh.es\/ca\/wp-json\/wp\/v2\/users\/1724"}],"replies":[{"embeddable":true,"href":"https:\/\/caup.umh.es\/ca\/wp-json\/wp\/v2\/comments?post=3594"}],"version-history":[{"count":0,"href":"https:\/\/caup.umh.es\/ca\/wp-json\/wp\/v2\/posts\/3594\/revisions"}],"wp:attachment":[{"href":"https:\/\/caup.umh.es\/ca\/wp-json\/wp\/v2\/media?parent=3594"}],"wp:term":[{"taxonomy":"category","embeddable":true,"href":"https:\/\/caup.umh.es\/ca\/wp-json\/wp\/v2\/categories?post=3594"},{"taxonomy":"post_tag","embeddable":true,"href":"https:\/\/caup.umh.es\/ca\/wp-json\/wp\/v2\/tags?post=3594"}],"curies":[{"name":"wp","href":"https:\/\/api.w.org\/{rel}","templated":true}]}}