{"id":3798,"date":"2021-05-28T07:13:11","date_gmt":"2021-05-28T05:13:11","guid":{"rendered":"https:\/\/caup.umh.es\/?p=3798"},"modified":"2021-05-28T07:13:11","modified_gmt":"2021-05-28T05:13:11","slug":"curso-de-verano-la-representacion-de-la-memoria-historica-en-el-comic-el-cine-y-la-musica","status":"publish","type":"post","link":"https:\/\/caup.umh.es\/ca\/2021\/05\/28\/curso-de-verano-la-representacion-de-la-memoria-historica-en-el-comic-el-cine-y-la-musica\/","title":{"rendered":"<span lang=\"es\">(Espa\u00f1ol) Curso de verano \u00abLa representaci\u00f3n de la Memoria Hist\u00f3rica en el c\u00f3mic, el cine y la m\u00fasica\u00bb<\/span>"},"content":{"rendered":"<p class=\"qtranxs-available-languages-message qtranxs-available-languages-message-ca\">Ho sentim, aquesta entrada es troba disponible \u00fanicament en <a href=\"https:\/\/caup.umh.es\/es\/wp-json\/wp\/v2\/posts\/3798\" class=\"qtranxs-available-language-link qtranxs-available-language-link-es\" title=\"Espa\u00f1ol\">Espanyol Europeu<\/a>.<\/p>","protected":false},"excerpt":{"rendered":"<p>Ho sentim, aquesta entrada es troba disponible \u00fanicament en Espanyol Europeu.<\/p>\n","protected":false},"author":1724,"featured_media":0,"comment_status":"closed","ping_status":"open","sticky":false,"template":"","format":"standard","meta":{"_links_to":"","_links_to_target":""},"categories":[350289,711],"tags":[],"_links":{"self":[{"href":"https:\/\/caup.umh.es\/ca\/wp-json\/wp\/v2\/posts\/3798"}],"collection":[{"href":"https:\/\/caup.umh.es\/ca\/wp-json\/wp\/v2\/posts"}],"about":[{"href":"https:\/\/caup.umh.es\/ca\/wp-json\/wp\/v2\/types\/post"}],"author":[{"embeddable":true,"href":"https:\/\/caup.umh.es\/ca\/wp-json\/wp\/v2\/users\/1724"}],"replies":[{"embeddable":true,"href":"https:\/\/caup.umh.es\/ca\/wp-json\/wp\/v2\/comments?post=3798"}],"version-history":[{"count":0,"href":"https:\/\/caup.umh.es\/ca\/wp-json\/wp\/v2\/posts\/3798\/revisions"}],"wp:attachment":[{"href":"https:\/\/caup.umh.es\/ca\/wp-json\/wp\/v2\/media?parent=3798"}],"wp:term":[{"taxonomy":"category","embeddable":true,"href":"https:\/\/caup.umh.es\/ca\/wp-json\/wp\/v2\/categories?post=3798"},{"taxonomy":"post_tag","embeddable":true,"href":"https:\/\/caup.umh.es\/ca\/wp-json\/wp\/v2\/tags?post=3798"}],"curies":[{"name":"wp","href":"https:\/\/api.w.org\/{rel}","templated":true}]}}