{"id":3830,"date":"2021-07-02T06:42:58","date_gmt":"2021-07-02T04:42:58","guid":{"rendered":"https:\/\/caup.umh.es\/?p=3830"},"modified":"2021-07-02T06:42:58","modified_gmt":"2021-07-02T04:42:58","slug":"un-proyecto-de-miniserie-elaborado-por-estudiantes-de-comunicacion-audiovisual-de-la-umh-seleccionado-en-la-tercera-edicion-del-talent-audiovisual-universitari-pitching-universitats-valencianes","status":"publish","type":"post","link":"https:\/\/caup.umh.es\/ca\/2021\/07\/02\/un-proyecto-de-miniserie-elaborado-por-estudiantes-de-comunicacion-audiovisual-de-la-umh-seleccionado-en-la-tercera-edicion-del-talent-audiovisual-universitari-pitching-universitats-valencianes\/","title":{"rendered":"<span lang=\"es\">(Espa\u00f1ol) Un proyecto de miniserie elaborado por estudiantes de Comunicaci\u00f3n Audiovisual de la UMH seleccionado en la tercera edici\u00f3n del Talent Audiovisual Universitari, Pitching Universitats Valencianes \u2013 Sector Audiovisual<\/span>"},"content":{"rendered":"<p class=\"qtranxs-available-languages-message qtranxs-available-languages-message-ca\">Ho sentim, aquesta entrada es troba disponible \u00fanicament en <a href=\"https:\/\/caup.umh.es\/es\/wp-json\/wp\/v2\/posts\/3830\" class=\"qtranxs-available-language-link qtranxs-available-language-link-es\" title=\"Espa\u00f1ol\">Espanyol Europeu<\/a>.<\/p>","protected":false},"excerpt":{"rendered":"<p>Ho sentim, aquesta entrada es troba disponible \u00fanicament en Espanyol Europeu.<\/p>\n","protected":false},"author":1724,"featured_media":0,"comment_status":"closed","ping_status":"open","sticky":false,"template":"","format":"standard","meta":{"_links_to":"","_links_to_target":""},"categories":[279926,295954],"tags":[],"_links":{"self":[{"href":"https:\/\/caup.umh.es\/ca\/wp-json\/wp\/v2\/posts\/3830"}],"collection":[{"href":"https:\/\/caup.umh.es\/ca\/wp-json\/wp\/v2\/posts"}],"about":[{"href":"https:\/\/caup.umh.es\/ca\/wp-json\/wp\/v2\/types\/post"}],"author":[{"embeddable":true,"href":"https:\/\/caup.umh.es\/ca\/wp-json\/wp\/v2\/users\/1724"}],"replies":[{"embeddable":true,"href":"https:\/\/caup.umh.es\/ca\/wp-json\/wp\/v2\/comments?post=3830"}],"version-history":[{"count":0,"href":"https:\/\/caup.umh.es\/ca\/wp-json\/wp\/v2\/posts\/3830\/revisions"}],"wp:attachment":[{"href":"https:\/\/caup.umh.es\/ca\/wp-json\/wp\/v2\/media?parent=3830"}],"wp:term":[{"taxonomy":"category","embeddable":true,"href":"https:\/\/caup.umh.es\/ca\/wp-json\/wp\/v2\/categories?post=3830"},{"taxonomy":"post_tag","embeddable":true,"href":"https:\/\/caup.umh.es\/ca\/wp-json\/wp\/v2\/tags?post=3830"}],"curies":[{"name":"wp","href":"https:\/\/api.w.org\/{rel}","templated":true}]}}