{"id":4464,"date":"2022-06-22T14:06:55","date_gmt":"2022-06-22T12:06:55","guid":{"rendered":"https:\/\/caup.umh.es\/?p=4464"},"modified":"2022-06-22T14:06:55","modified_gmt":"2022-06-22T12:06:55","slug":"eva-belmonte-y-su-equipo-de-la-fundacion-civio-se-alzan-con-el-ii-premio-vicente-verdu-de-periodismo","status":"publish","type":"post","link":"https:\/\/caup.umh.es\/ca\/2022\/06\/22\/eva-belmonte-y-su-equipo-de-la-fundacion-civio-se-alzan-con-el-ii-premio-vicente-verdu-de-periodismo\/","title":{"rendered":"<span lang=\"es\">(Espa\u00f1ol) Eva Belmonte y su equipo de la Fundaci\u00f3n Civio se alzan con el II Premio Vicente Verd\u00fa de Periodismo<\/span>"},"content":{"rendered":"<p class=\"qtranxs-available-languages-message qtranxs-available-languages-message-ca\">Ho sentim, aquesta entrada es troba disponible \u00fanicament en <a href=\"https:\/\/caup.umh.es\/es\/wp-json\/wp\/v2\/posts\/4464\" class=\"qtranxs-available-language-link qtranxs-available-language-link-es\" title=\"Espa\u00f1ol\">Espanyol Europeu<\/a>.<\/p>","protected":false},"excerpt":{"rendered":"<p>Ho sentim, aquesta entrada es troba disponible \u00fanicament en Espanyol Europeu.<\/p>\n","protected":false},"author":1724,"featured_media":0,"comment_status":"closed","ping_status":"open","sticky":false,"template":"","format":"standard","meta":{"_links_to":"","_links_to_target":""},"categories":[766,2145],"tags":[],"_links":{"self":[{"href":"https:\/\/caup.umh.es\/ca\/wp-json\/wp\/v2\/posts\/4464"}],"collection":[{"href":"https:\/\/caup.umh.es\/ca\/wp-json\/wp\/v2\/posts"}],"about":[{"href":"https:\/\/caup.umh.es\/ca\/wp-json\/wp\/v2\/types\/post"}],"author":[{"embeddable":true,"href":"https:\/\/caup.umh.es\/ca\/wp-json\/wp\/v2\/users\/1724"}],"replies":[{"embeddable":true,"href":"https:\/\/caup.umh.es\/ca\/wp-json\/wp\/v2\/comments?post=4464"}],"version-history":[{"count":0,"href":"https:\/\/caup.umh.es\/ca\/wp-json\/wp\/v2\/posts\/4464\/revisions"}],"wp:attachment":[{"href":"https:\/\/caup.umh.es\/ca\/wp-json\/wp\/v2\/media?parent=4464"}],"wp:term":[{"taxonomy":"category","embeddable":true,"href":"https:\/\/caup.umh.es\/ca\/wp-json\/wp\/v2\/categories?post=4464"},{"taxonomy":"post_tag","embeddable":true,"href":"https:\/\/caup.umh.es\/ca\/wp-json\/wp\/v2\/tags?post=4464"}],"curies":[{"name":"wp","href":"https:\/\/api.w.org\/{rel}","templated":true}]}}