{"id":4783,"date":"2022-11-23T17:29:04","date_gmt":"2022-11-23T16:29:04","guid":{"rendered":"https:\/\/caup.umh.es\/?p=4783"},"modified":"2022-11-23T17:30:39","modified_gmt":"2022-11-23T16:30:39","slug":"visita-a-la-ii-feria-de-empleo-de-distrito-digital","status":"publish","type":"post","link":"https:\/\/caup.umh.es\/ca\/2022\/11\/23\/visita-a-la-ii-feria-de-empleo-de-distrito-digital\/","title":{"rendered":"<span lang=\"es\">(Espa\u00f1ol) VISITA A LA II FERIA DE EMPLEO DE DISTRITO DIGITAL<\/span>"},"content":{"rendered":"<p class=\"qtranxs-available-languages-message qtranxs-available-languages-message-ca\">Ho sentim, aquesta entrada es troba disponible \u00fanicament en <a href=\"https:\/\/caup.umh.es\/es\/wp-json\/wp\/v2\/posts\/4783\" class=\"qtranxs-available-language-link qtranxs-available-language-link-es\" title=\"Espa\u00f1ol\">Espanyol Europeu<\/a> i <a href=\"https:\/\/caup.umh.es\/en\/wp-json\/wp\/v2\/posts\/4783\" class=\"qtranxs-available-language-link qtranxs-available-language-link-en\" title=\"English\">Angl\u00e8s Americ\u00e0<\/a>.<\/p>","protected":false},"excerpt":{"rendered":"<p>Ho sentim, aquesta entrada es troba disponible \u00fanicament en Espanyol Europeu i Angl\u00e8s Americ\u00e0.<\/p>\n","protected":false},"author":1724,"featured_media":0,"comment_status":"closed","ping_status":"open","sticky":false,"template":"","format":"standard","meta":{"_links_to":"","_links_to_target":""},"categories":[279999,566],"tags":[],"_links":{"self":[{"href":"https:\/\/caup.umh.es\/ca\/wp-json\/wp\/v2\/posts\/4783"}],"collection":[{"href":"https:\/\/caup.umh.es\/ca\/wp-json\/wp\/v2\/posts"}],"about":[{"href":"https:\/\/caup.umh.es\/ca\/wp-json\/wp\/v2\/types\/post"}],"author":[{"embeddable":true,"href":"https:\/\/caup.umh.es\/ca\/wp-json\/wp\/v2\/users\/1724"}],"replies":[{"embeddable":true,"href":"https:\/\/caup.umh.es\/ca\/wp-json\/wp\/v2\/comments?post=4783"}],"version-history":[{"count":0,"href":"https:\/\/caup.umh.es\/ca\/wp-json\/wp\/v2\/posts\/4783\/revisions"}],"wp:attachment":[{"href":"https:\/\/caup.umh.es\/ca\/wp-json\/wp\/v2\/media?parent=4783"}],"wp:term":[{"taxonomy":"category","embeddable":true,"href":"https:\/\/caup.umh.es\/ca\/wp-json\/wp\/v2\/categories?post=4783"},{"taxonomy":"post_tag","embeddable":true,"href":"https:\/\/caup.umh.es\/ca\/wp-json\/wp\/v2\/tags?post=4783"}],"curies":[{"name":"wp","href":"https:\/\/api.w.org\/{rel}","templated":true}]}}