{"id":3138,"date":"2020-01-09T16:02:10","date_gmt":"2020-01-09T15:02:10","guid":{"rendered":"https:\/\/caup.umh.es\/?p=3138"},"modified":"2020-01-09T16:04:26","modified_gmt":"2020-01-09T15:04:26","slug":"el-periodista-ramon-lobo-ofrece-una-conferencia-manana-viernes-11-en-altzavares","status":"publish","type":"post","link":"https:\/\/caup.umh.es\/en\/2020\/01\/09\/el-periodista-ramon-lobo-ofrece-una-conferencia-manana-viernes-11-en-altzavares\/","title":{"rendered":"<span lang=\"es\">(Espa\u00f1ol) El periodista Ram\u00f3n Lobo ofrece una conferencia, ma\u00f1ana viernes 10 en el edificio Altzavares<\/span>"},"content":{"rendered":"<p class=\"qtranxs-available-languages-message qtranxs-available-languages-message-en\">Sorry, this entry is only available in <a href=\"https:\/\/caup.umh.es\/es\/wp-json\/wp\/v2\/posts\/3138\" class=\"qtranxs-available-language-link qtranxs-available-language-link-es\" title=\"Espa\u00f1ol\">European Spanish<\/a>.<\/p>","protected":false},"excerpt":{"rendered":"<p>Sorry, this entry is only available in European Spanish.<\/p>\n","protected":false},"author":1406,"featured_media":0,"comment_status":"closed","ping_status":"open","sticky":false,"template":"","format":"standard","meta":{"_links_to":"","_links_to_target":""},"categories":[565,710],"tags":[],"_links":{"self":[{"href":"https:\/\/caup.umh.es\/en\/wp-json\/wp\/v2\/posts\/3138"}],"collection":[{"href":"https:\/\/caup.umh.es\/en\/wp-json\/wp\/v2\/posts"}],"about":[{"href":"https:\/\/caup.umh.es\/en\/wp-json\/wp\/v2\/types\/post"}],"author":[{"embeddable":true,"href":"https:\/\/caup.umh.es\/en\/wp-json\/wp\/v2\/users\/1406"}],"replies":[{"embeddable":true,"href":"https:\/\/caup.umh.es\/en\/wp-json\/wp\/v2\/comments?post=3138"}],"version-history":[{"count":0,"href":"https:\/\/caup.umh.es\/en\/wp-json\/wp\/v2\/posts\/3138\/revisions"}],"wp:attachment":[{"href":"https:\/\/caup.umh.es\/en\/wp-json\/wp\/v2\/media?parent=3138"}],"wp:term":[{"taxonomy":"category","embeddable":true,"href":"https:\/\/caup.umh.es\/en\/wp-json\/wp\/v2\/categories?post=3138"},{"taxonomy":"post_tag","embeddable":true,"href":"https:\/\/caup.umh.es\/en\/wp-json\/wp\/v2\/tags?post=3138"}],"curies":[{"name":"wp","href":"https:\/\/api.w.org\/{rel}","templated":true}]}}