{"id":5649,"date":"2024-05-11T09:48:13","date_gmt":"2024-05-11T07:48:13","guid":{"rendered":"https:\/\/caup.umh.es\/?p=5649"},"modified":"2024-05-11T09:48:13","modified_gmt":"2024-05-11T07:48:13","slug":"convocatoria-curt-creixent-para-pitch-para-proyectos-de-cortometraje-y-para-cortometrajes-que-ya-estan-en-fase-de-postproduccion","status":"publish","type":"post","link":"https:\/\/caup.umh.es\/en\/2024\/05\/11\/convocatoria-curt-creixent-para-pitch-para-proyectos-de-cortometraje-y-para-cortometrajes-que-ya-estan-en-fase-de-postproduccion\/","title":{"rendered":"<span lang=\"es\">(Espa\u00f1ol) Convocatoria Curt Creixent para pitch: para proyectos de cortometraje y para cortometrajes que ya est\u00e1n en fase de postproducci\u00f3n<\/span>"},"content":{"rendered":"<p class=\"qtranxs-available-languages-message qtranxs-available-languages-message-en\">Sorry, this entry is only available in <a href=\"https:\/\/caup.umh.es\/es\/wp-json\/wp\/v2\/posts\/5649\" class=\"qtranxs-available-language-link qtranxs-available-language-link-es\" title=\"Espa\u00f1ol\">European Spanish<\/a>.<\/p>","protected":false},"excerpt":{"rendered":"<p>Sorry, this entry is only available in European Spanish.<\/p>\n","protected":false},"author":1724,"featured_media":0,"comment_status":"closed","ping_status":"open","sticky":false,"template":"","format":"standard","meta":{"_links_to":"","_links_to_target":""},"categories":[1362669,2902,295954,57647,1362733],"tags":[],"_links":{"self":[{"href":"https:\/\/caup.umh.es\/en\/wp-json\/wp\/v2\/posts\/5649"}],"collection":[{"href":"https:\/\/caup.umh.es\/en\/wp-json\/wp\/v2\/posts"}],"about":[{"href":"https:\/\/caup.umh.es\/en\/wp-json\/wp\/v2\/types\/post"}],"author":[{"embeddable":true,"href":"https:\/\/caup.umh.es\/en\/wp-json\/wp\/v2\/users\/1724"}],"replies":[{"embeddable":true,"href":"https:\/\/caup.umh.es\/en\/wp-json\/wp\/v2\/comments?post=5649"}],"version-history":[{"count":0,"href":"https:\/\/caup.umh.es\/en\/wp-json\/wp\/v2\/posts\/5649\/revisions"}],"wp:attachment":[{"href":"https:\/\/caup.umh.es\/en\/wp-json\/wp\/v2\/media?parent=5649"}],"wp:term":[{"taxonomy":"category","embeddable":true,"href":"https:\/\/caup.umh.es\/en\/wp-json\/wp\/v2\/categories?post=5649"},{"taxonomy":"post_tag","embeddable":true,"href":"https:\/\/caup.umh.es\/en\/wp-json\/wp\/v2\/tags?post=5649"}],"curies":[{"name":"wp","href":"https:\/\/api.w.org\/{rel}","templated":true}]}}